[{"@context":"https:\/\/schema.org\/","@type":"Article","@id":"https:\/\/www.kontrolawebu.cz\/mate-v-pronajmu-cukrarnu\/#Article","mainEntityOfPage":"https:\/\/www.kontrolawebu.cz\/mate-v-pronajmu-cukrarnu\/","headline":"M\u00e1te v pron\u00e1jmu cukr\u00e1rnu?","name":"M\u00e1te v pron\u00e1jmu cukr\u00e1rnu?","description":"Ur\u010dit\u011b nab\u00edz\u00edte i zmrzliny, kter\u00e9 jsou ned\u00edlnou sou\u010d\u00e1st\u00ed nab\u00eddky ka\u017ed\u00e9ho podobn\u00e9ho za\u0159\u00edzen\u00ed. Dbejte na to, abyste sv\u00fdm host\u016fm nab\u00edzeli to nejlep\u0161\u00ed, co nab\u00eddnout m\u016f\u017eete. Odeb\u00edrejte ji proto od n\u00e1s, kde m\u00e1te jistotu, \u017ee va\u0161im host\u016fm bude opravdu chutnat, a budou se k v\u00e1m pro ni vracet, a to zejm\u00e9na v hork\u00e9m po\u010das\u00ed, kter\u00e9 n\u00e1m l\u00e9to [&hellip;]","datePublished":"2025-08-04","dateModified":"2025-08-04","author":{"@type":"Person","@id":"https:\/\/www.kontrolawebu.cz\/author\/#Person","name":"","url":"https:\/\/www.kontrolawebu.cz\/author\/","identifier":1,"image":{"@type":"ImageObject","@id":"https:\/\/secure.gravatar.com\/avatar\/baa231f7e1963b29d6549eb0e137b049d877d4e97c51386f463c7d4fc98329bd?s=96&d=mm&r=g","url":"https:\/\/secure.gravatar.com\/avatar\/baa231f7e1963b29d6549eb0e137b049d877d4e97c51386f463c7d4fc98329bd?s=96&d=mm&r=g","height":96,"width":96}},"publisher":{"@type":"Organization","name":"kontrolawebu.cz","logo":{"@type":"ImageObject","@id":"\/logo.png","url":"\/logo.png","width":600,"height":60}},"url":"https:\/\/www.kontrolawebu.cz\/mate-v-pronajmu-cukrarnu\/","wordCount":217,"articleBody":"Ur\u010dit\u011b nab\u00edz\u00edte i zmrzliny, kter\u00e9 jsou ned\u00edlnou sou\u010d\u00e1st\u00ed nab\u00eddky ka\u017ed\u00e9ho podobn\u00e9ho za\u0159\u00edzen\u00ed. Dbejte na to, abyste sv\u00fdm host\u016fm nab\u00edzeli to nejlep\u0161\u00ed, co nab\u00eddnout m\u016f\u017eete. Odeb\u00edrejte ji proto od n\u00e1s, kde m\u00e1te jistotu, \u017ee va\u0161im host\u016fm bude opravdu chutnat, a budou se k v\u00e1m pro ni vracet, a to zejm\u00e9na v hork\u00e9m po\u010das\u00ed, kter\u00e9 n\u00e1m l\u00e9to ka\u017edoro\u010dn\u011b dop\u0159eje. Nemus\u00edte se omezovat v\u00fdb\u011brem, ten n\u00e1\u0161 je opravdu velk\u00fd. Akce pro velkoodb\u011bratele Majitel\u00e9 a provozovatel\u00e9 kav\u00e1ren a cukr\u00e1ren, kte\u0159\u00ed s n\u00e1mi za\u010dali spolupracovat, v\u00edtaj\u00ed v\u00fdhody v podob\u011b ak\u010dn\u00edch cen a slev na ur\u010dit\u00e9 v\u00fdrobky, kter\u00e9 m\u016f\u017ee vyu\u017e\u00edt ka\u017ed\u00fd, kdo u n\u00e1s odeb\u00edr\u00e1 pro \u00fa\u010dely sv\u00e9 kav\u00e1rny na\u0161e mra\u017een\u00e9 v\u00fdrobky. M\u016f\u017eete tak z\u00edskat velk\u00e1 balen\u00ed t\u00e9to lah\u016fdky za velmi n\u00edzkou cenu. Objedn\u00e1vejte u n\u00e1s pravideln\u011b, a dejte sv\u00fdm host\u016fm najevo, \u017ee v\u00e1m na nich z\u00e1le\u017e\u00ed, a objedn\u00e1vejte jim to nejlep\u0161\u00ed, co m\u016f\u017eete. U n\u00e1s v\u017edy vyberete p\u0159\u00edchut\u011b, kter\u00e9 budou chutnat ka\u017ed\u00e9mu.                                                                                                                                                                                                                                                                                                                                                                                                "},{"@context":"https:\/\/schema.org\/","@type":"BreadcrumbList","itemListElement":[{"@type":"ListItem","position":1,"name":"M\u00e1te v pron\u00e1jmu cukr\u00e1rnu?","item":"https:\/\/www.kontrolawebu.cz\/mate-v-pronajmu-cukrarnu\/#breadcrumbitem"}]}]